{"id":6414,"date":"2025-07-15T15:23:48","date_gmt":"2025-07-15T18:23:48","guid":{"rendered":"https:\/\/florencioperez.org\/?p=6414"},"modified":"2025-07-15T18:20:39","modified_gmt":"2025-07-15T21:20:39","slug":"coctel-9-julio-encuentro-para-celebrar","status":"publish","type":"post","link":"https:\/\/florencioperez.org\/index.php\/2025\/07\/15\/coctel-9-julio-encuentro-para-celebrar\/","title":{"rendered":"C\u00f3ctel 9 de Julio: Un encuentro para celebrar"},"content":{"rendered":"\t\t<div data-elementor-type=\"wp-post\" data-elementor-id=\"6414\" class=\"elementor elementor-6414\">\n\t\t\t\t<div class=\"elementor-element elementor-element-109688a e-flex e-con-boxed e-con e-parent\" data-id=\"109688a\" data-element_type=\"container\">\n\t\t\t\t\t<div class=\"e-con-inner\">\n\t\t\t\t<div class=\"elementor-element elementor-element-698cab9 elementor-widget elementor-widget-heading\" data-id=\"698cab9\" data-element_type=\"widget\" data-widget_type=\"heading.default\">\n\t\t\t\t<div class=\"elementor-widget-container\">\n\t\t\t\t\t<h2 class=\"elementor-heading-title elementor-size-default\">C\u00f3ctel 9 de Julio: Un encuentro para celebrar<\/h2>\t\t\t\t<\/div>\n\t\t\t\t<\/div>\n\t\t\t\t\t<\/div>\n\t\t\t\t<\/div>\n\t\t        <section class=\"elementor-section elementor-top-section elementor-element elementor-element-5d5dfdb6 elementor-section-boxed elementor-section-height-default elementor-section-height-default ct-header-fixed-none ct-row-max-none\" data-id=\"5d5dfdb6\" data-element_type=\"section\">\n            \n                        <div class=\"elementor-container elementor-column-gap-default \">\n                    <div class=\"elementor-column elementor-col-100 elementor-top-column elementor-element elementor-element-7e7a579\" data-id=\"7e7a579\" data-element_type=\"column\">\n        <div class=\"elementor-widget-wrap elementor-element-populated\">\n                    \n        \t\t<div class=\"elementor-element elementor-element-625149a9 elementor-widget elementor-widget-text-editor\" data-id=\"625149a9\" data-element_type=\"widget\" data-widget_type=\"text-editor.default\">\n\t\t\t\t<div class=\"elementor-widget-container\">\n\t\t\t\t\t\t\t\t\t<p data-start=\"238\" data-end=\"464\">El pasado mi\u00e9rcoles, en la Fundaci\u00f3n Florencio P\u00e9rez celebramos el D\u00eda de la Independencia con un emotivo c\u00f3ctel en el sal\u00f3n Vonharv de La Plata, con m\u00e1s de 180 personas comprometidas con el trabajo social y comunitario.<\/p><p data-start=\"466\" data-end=\"919\">El evento fue una oportunidad para compartir un momento de encuentro, agradecer el acompa\u00f1amiento constante y anunciar nuevos proyectos que ya est\u00e1n en marcha.<\/p><p data-start=\"466\" data-end=\"919\">A lo largo de la noche, se disfrut\u00f3 de un men\u00fa tradicional patrio, con empanadas, locro y dulces criollos, adem\u00e1s de un emotivo momento musical a cargo de la Agrupaci\u00f3n Sinf\u00f3nica de la Polic\u00eda de la Provincia y los destacados int\u00e9rpretes Sonia Stelman, Maximiliano Agatiello y Juan Pablo Skrt.<\/p><p data-start=\"921\" data-end=\"1274\">Uno de los momentos m\u00e1s esperados fue el anuncio oficial del nuevo polideportivo que construiremos en el Club Tricolores, en un predio de casi cuatro hect\u00e1reas. Tambi\u00e9n se compartieron avances del proyecto de Apoyo Escolar, que ya comenz\u00f3 a desarrollarse en ese mismo club, y se record\u00f3 la reciente entrega de equipamiento al Hospital Espa\u00f1ol.<\/p><p data-start=\"1276\" data-end=\"1458\">Este encuentro fue pensado como un espacio para reconocer el camino recorrido junto a quienes hacen posible que la Fundaci\u00f3n contin\u00fae creciendo.<\/p>\t\t\t\t\t\t\t\t<\/div>\n\t\t\t\t<\/div>\n\t\t            <\/div>\n        <\/div>\n                    <\/div>\n        <\/section>\n        <div class=\"elementor-element elementor-element-debe67b e-flex e-con-boxed e-con e-parent\" data-id=\"debe67b\" data-element_type=\"container\">\n\t\t\t\t\t<div class=\"e-con-inner\">\n\t\t\t\t<div class=\"elementor-element elementor-element-ea186ff elementor-arrows-position-inside elementor-pagination-position-outside elementor-widget elementor-widget-image-carousel\" data-id=\"ea186ff\" data-element_type=\"widget\" data-settings=\"{&quot;slides_to_show&quot;:&quot;1&quot;,&quot;navigation&quot;:&quot;both&quot;,&quot;autoplay&quot;:&quot;yes&quot;,&quot;pause_on_hover&quot;:&quot;yes&quot;,&quot;pause_on_interaction&quot;:&quot;yes&quot;,&quot;autoplay_speed&quot;:5000,&quot;infinite&quot;:&quot;yes&quot;,&quot;effect&quot;:&quot;slide&quot;,&quot;speed&quot;:500}\" data-widget_type=\"image-carousel.default\">\n\t\t\t\t<div class=\"elementor-widget-container\">\n\t\t\t\t\t\t\t<div class=\"elementor-image-carousel-wrapper swiper\" role=\"region\" aria-roledescription=\"carousel\" aria-label=\"Carrusel de im\u00e1genes\" dir=\"ltr\">\n\t\t\t<div class=\"elementor-image-carousel swiper-wrapper\" aria-live=\"off\">\n\t\t\t\t\t\t\t\t<div class=\"swiper-slide\" role=\"group\" aria-roledescription=\"slide\" aria-label=\"1 of 7\"><figure class=\"swiper-slide-inner\"><img decoding=\"async\" class=\"swiper-slide-image\" src=\"https:\/\/florencioperez.org\/wp-content\/uploads\/2025\/07\/1752367100850-768x480.jpg\" alt=\"1752367100850\" \/><\/figure><\/div><div class=\"swiper-slide\" role=\"group\" aria-roledescription=\"slide\" aria-label=\"2 of 7\"><figure class=\"swiper-slide-inner\"><img decoding=\"async\" class=\"swiper-slide-image\" src=\"https:\/\/florencioperez.org\/wp-content\/uploads\/2025\/07\/1752367101956-768x480.jpg\" alt=\"1752367101956\" \/><\/figure><\/div><div class=\"swiper-slide\" role=\"group\" aria-roledescription=\"slide\" aria-label=\"3 of 7\"><figure class=\"swiper-slide-inner\"><img decoding=\"async\" class=\"swiper-slide-image\" src=\"https:\/\/florencioperez.org\/wp-content\/uploads\/2025\/07\/1752367033839-768x480.jpg\" alt=\"1752367033839\" \/><\/figure><\/div><div class=\"swiper-slide\" role=\"group\" aria-roledescription=\"slide\" aria-label=\"4 of 7\"><figure class=\"swiper-slide-inner\"><img decoding=\"async\" class=\"swiper-slide-image\" src=\"https:\/\/florencioperez.org\/wp-content\/uploads\/2025\/07\/IVO_0020-768x512.jpg\" alt=\"IVO_0020\" \/><\/figure><\/div><div class=\"swiper-slide\" role=\"group\" aria-roledescription=\"slide\" aria-label=\"5 of 7\"><figure class=\"swiper-slide-inner\"><img decoding=\"async\" class=\"swiper-slide-image\" src=\"https:\/\/florencioperez.org\/wp-content\/uploads\/2025\/07\/IVO_0008-768x512.jpg\" alt=\"IVO_0008\" \/><\/figure><\/div><div class=\"swiper-slide\" role=\"group\" aria-roledescription=\"slide\" aria-label=\"6 of 7\"><figure class=\"swiper-slide-inner\"><img decoding=\"async\" class=\"swiper-slide-image\" src=\"https:\/\/florencioperez.org\/wp-content\/uploads\/2025\/07\/IMG_20250709_194134-768x432.jpg\" alt=\"IMG_20250709_194134\" \/><\/figure><\/div><div class=\"swiper-slide\" role=\"group\" aria-roledescription=\"slide\" aria-label=\"7 of 7\"><figure class=\"swiper-slide-inner\"><img decoding=\"async\" class=\"swiper-slide-image\" src=\"https:\/\/florencioperez.org\/wp-content\/uploads\/2025\/07\/IMG_2263-768x512.jpg\" alt=\"IMG_2263\" \/><\/figure><\/div>\t\t\t<\/div>\n\t\t\t\t\t\t\t\t\t\t\t\t<div class=\"elementor-swiper-button elementor-swiper-button-prev\" role=\"button\" tabindex=\"0\">\n\t\t\t\t\t\t<i aria-hidden=\"true\" class=\"eicon-chevron-left\"><\/i>\t\t\t\t\t<\/div>\n\t\t\t\t\t<div class=\"elementor-swiper-button elementor-swiper-button-next\" role=\"button\" tabindex=\"0\">\n\t\t\t\t\t\t<i aria-hidden=\"true\" class=\"eicon-chevron-right\"><\/i>\t\t\t\t\t<\/div>\n\t\t\t\t\n\t\t\t\t\t\t\t\t\t<div class=\"swiper-pagination\"><\/div>\n\t\t\t\t\t\t\t\t\t<\/div>\n\t\t\t\t\t\t<\/div>\n\t\t\t\t<\/div>\n\t\t\t\t\t<\/div>\n\t\t\t\t<\/div>\n\t\t\t\t<\/div>\n\t\t","protected":false},"excerpt":{"rendered":"<p>C\u00f3ctel 9 de Julio: Un encuentro para celebrar El pasado mi\u00e9rcoles, en la Fundaci\u00f3n Florencio P\u00e9rez celebramos el D\u00eda de la Independencia con un emotivo c\u00f3ctel en el sal\u00f3n Vonharv de La Plata, con m\u00e1s de 180 personas comprometidas con el trabajo social y comunitario. El evento fue una oportunidad para compartir un momento de [&hellip;]<\/p>\n","protected":false},"author":6,"featured_media":6428,"comment_status":"closed","ping_status":"closed","sticky":false,"template":"","format":"standard","meta":{"footnotes":""},"categories":[56],"tags":[],"class_list":["post-6414","post","type-post","status-publish","format-standard","has-post-thumbnail","hentry","category-56"],"_links":{"self":[{"href":"https:\/\/florencioperez.org\/index.php\/wp-json\/wp\/v2\/posts\/6414","targetHints":{"allow":["GET"]}}],"collection":[{"href":"https:\/\/florencioperez.org\/index.php\/wp-json\/wp\/v2\/posts"}],"about":[{"href":"https:\/\/florencioperez.org\/index.php\/wp-json\/wp\/v2\/types\/post"}],"author":[{"embeddable":true,"href":"https:\/\/florencioperez.org\/index.php\/wp-json\/wp\/v2\/users\/6"}],"replies":[{"embeddable":true,"href":"https:\/\/florencioperez.org\/index.php\/wp-json\/wp\/v2\/comments?post=6414"}],"version-history":[{"count":11,"href":"https:\/\/florencioperez.org\/index.php\/wp-json\/wp\/v2\/posts\/6414\/revisions"}],"predecessor-version":[{"id":6436,"href":"https:\/\/florencioperez.org\/index.php\/wp-json\/wp\/v2\/posts\/6414\/revisions\/6436"}],"wp:featuredmedia":[{"embeddable":true,"href":"https:\/\/florencioperez.org\/index.php\/wp-json\/wp\/v2\/media\/6428"}],"wp:attachment":[{"href":"https:\/\/florencioperez.org\/index.php\/wp-json\/wp\/v2\/media?parent=6414"}],"wp:term":[{"taxonomy":"category","embeddable":true,"href":"https:\/\/florencioperez.org\/index.php\/wp-json\/wp\/v2\/categories?post=6414"},{"taxonomy":"post_tag","embeddable":true,"href":"https:\/\/florencioperez.org\/index.php\/wp-json\/wp\/v2\/tags?post=6414"}],"curies":[{"name":"wp","href":"https:\/\/api.w.org\/{rel}","templated":true}]}}