{"id":6399,"date":"2025-04-10T16:07:09","date_gmt":"2025-04-10T19:07:09","guid":{"rendered":"https:\/\/florencioperez.org\/?p=6399"},"modified":"2025-07-01T16:20:06","modified_gmt":"2025-07-01T19:20:06","slug":"acto-de-entrega-de-equipamiento-al-hospital-espanol","status":"publish","type":"post","link":"https:\/\/florencioperez.org\/index.php\/2025\/04\/10\/acto-de-entrega-de-equipamiento-al-hospital-espanol\/","title":{"rendered":"Acto de entrega de equipamiento al Hospital Espa\u00f1ol"},"content":{"rendered":"\t\t<div data-elementor-type=\"wp-post\" data-elementor-id=\"6399\" class=\"elementor elementor-6399\">\n\t\t\t\t<div class=\"elementor-element elementor-element-74d82cd e-flex e-con-boxed e-con e-parent\" data-id=\"74d82cd\" data-element_type=\"container\">\n\t\t\t\t\t<div class=\"e-con-inner\">\n\t\t\t\t<div class=\"elementor-element elementor-element-109d13c elementor-widget elementor-widget-ct_text_editor\" data-id=\"109d13c\" data-element_type=\"widget\" data-widget_type=\"ct_text_editor.default\">\n\t\t\t\t<div class=\"elementor-widget-container\">\n\t\t\t\t\t<div id=\"ct_text_editor-109d13c\" class=\"ct-text-editor \" data-wow-delay=\"ms\">\n\t<div class=\"ct-item--inner\">\n\t\t<div class=\"ct-inline-css\"  data-css=\"\n\t        \t\t\t\">\n\n\t    <\/div>\n\t\t<div class=\"ct-text-editor elementor-clearfix\">\n\t\t\t<p data-start=\"361\" data-end=\"640\">La Fundaci\u00f3n Florencio P\u00e9rez concret\u00f3 la entrega de equipamiento para el Hospital Espa\u00f1ol de La Plata, gracias a lo recaudado en la Cena del Aniversario de la Ciudad. El acto se realiz\u00f3 la semana pasada con la participaci\u00f3n de autoridades del hospital y miembros de la Fundaci\u00f3n.<\/p><p data-start=\"642\" data-end=\"872\">El monto total recaudado en la cena fue de <strong data-start=\"685\" data-end=\"699\">$5.005.000<\/strong>, al que la Fundaci\u00f3n sum\u00f3 <strong data-start=\"726\" data-end=\"740\">$1.000.000<\/strong> adicionales, alcanzando as\u00ed los <strong data-start=\"773\" data-end=\"787\">$6.005.000<\/strong> destinados a la compra de equipamiento m\u00e9dico de alta necesidad para la instituci\u00f3n.<\/p><p data-start=\"874\" data-end=\"1153\">Durante la entrega, el director del Hospital Espa\u00f1ol, Dr. Alejandro Ramos, y su equipo agradecieron profundamente la colaboraci\u00f3n recibida. El aporte incluye insumos y maquinaria espec\u00edfica para fortalecer el funcionamiento del \u00e1rea de emergencias y otros servicios del hospital.<\/p><p data-start=\"1155\" data-end=\"1369\">Este tipo de acciones forma parte del trabajo sostenido de la Fundaci\u00f3n en articulaci\u00f3n con instituciones p\u00fablicas y privadas, con el objetivo de brindar respuestas concretas a necesidades urgentes de la comunidad.<\/p><p data-start=\"1371\" data-end=\"1551\">Desde hace m\u00e1s de 30 a\u00f1os, la Fundaci\u00f3n Florencio P\u00e9rez impulsa iniciativas educativas, sanitarias y sociales, promoviendo valores de solidaridad, inclusi\u00f3n y compromiso colectivo.<\/p>\t\t\n\t\t<\/div>\n\t<\/div>\n<\/div>\t\t\t\t<\/div>\n\t\t\t\t<\/div>\n\t\t\t\t\t<\/div>\n\t\t\t\t<\/div>\n\t\t<div class=\"elementor-element elementor-element-30064ad e-flex e-con-boxed e-con e-parent\" data-id=\"30064ad\" data-element_type=\"container\">\n\t\t\t\t\t<div class=\"e-con-inner\">\n\t\t\t\t<div class=\"elementor-element elementor-element-72f7441 elementor-arrows-position-inside elementor-pagination-position-outside elementor-widget elementor-widget-image-carousel\" data-id=\"72f7441\" data-element_type=\"widget\" data-settings=\"{&quot;slides_to_show&quot;:&quot;2&quot;,&quot;navigation&quot;:&quot;both&quot;,&quot;autoplay&quot;:&quot;yes&quot;,&quot;pause_on_hover&quot;:&quot;yes&quot;,&quot;pause_on_interaction&quot;:&quot;yes&quot;,&quot;autoplay_speed&quot;:5000,&quot;infinite&quot;:&quot;yes&quot;,&quot;speed&quot;:500}\" data-widget_type=\"image-carousel.default\">\n\t\t\t\t<div class=\"elementor-widget-container\">\n\t\t\t\t\t\t\t<div class=\"elementor-image-carousel-wrapper swiper\" role=\"region\" aria-roledescription=\"carousel\" aria-label=\"Carrusel de im\u00e1genes\" dir=\"ltr\">\n\t\t\t<div class=\"elementor-image-carousel swiper-wrapper\" aria-live=\"off\">\n\t\t\t\t\t\t\t\t<div class=\"swiper-slide\" role=\"group\" aria-roledescription=\"slide\" aria-label=\"1 of 4\"><figure class=\"swiper-slide-inner\"><img decoding=\"async\" class=\"swiper-slide-image\" src=\"https:\/\/florencioperez.org\/wp-content\/uploads\/2025\/07\/WhatsApp-Image-2025-07-01-at-16.14.27-1-242x300.jpeg\" alt=\"WhatsApp Image 2025-07-01 at 16.14.27 (1)\" \/><\/figure><\/div><div class=\"swiper-slide\" role=\"group\" aria-roledescription=\"slide\" aria-label=\"2 of 4\"><figure class=\"swiper-slide-inner\"><img decoding=\"async\" class=\"swiper-slide-image\" src=\"https:\/\/florencioperez.org\/wp-content\/uploads\/2025\/07\/WhatsApp-Image-2025-07-01-at-16.14.27-240x300.jpeg\" alt=\"WhatsApp Image 2025-07-01 at 16.14.27\" \/><\/figure><\/div><div class=\"swiper-slide\" role=\"group\" aria-roledescription=\"slide\" aria-label=\"3 of 4\"><figure class=\"swiper-slide-inner\"><img decoding=\"async\" class=\"swiper-slide-image\" src=\"https:\/\/florencioperez.org\/wp-content\/uploads\/2025\/07\/WhatsApp-Image-2025-07-01-at-16.14.27-2-242x300.jpeg\" alt=\"WhatsApp Image 2025-07-01 at 16.14.27 (2)\" \/><\/figure><\/div><div class=\"swiper-slide\" role=\"group\" aria-roledescription=\"slide\" aria-label=\"4 of 4\"><figure class=\"swiper-slide-inner\"><img decoding=\"async\" class=\"swiper-slide-image\" src=\"https:\/\/florencioperez.org\/wp-content\/uploads\/2025\/07\/WhatsApp-Image-2025-07-01-at-16.16.16-243x300.jpeg\" alt=\"WhatsApp Image 2025-07-01 at 16.16.16\" \/><\/figure><\/div>\t\t\t<\/div>\n\t\t\t\t\t\t\t\t\t\t\t\t<div class=\"elementor-swiper-button elementor-swiper-button-prev\" role=\"button\" tabindex=\"0\">\n\t\t\t\t\t\t<i aria-hidden=\"true\" class=\"eicon-chevron-left\"><\/i>\t\t\t\t\t<\/div>\n\t\t\t\t\t<div class=\"elementor-swiper-button elementor-swiper-button-next\" role=\"button\" tabindex=\"0\">\n\t\t\t\t\t\t<i aria-hidden=\"true\" class=\"eicon-chevron-right\"><\/i>\t\t\t\t\t<\/div>\n\t\t\t\t\n\t\t\t\t\t\t\t\t\t<div class=\"swiper-pagination\"><\/div>\n\t\t\t\t\t\t\t\t\t<\/div>\n\t\t\t\t\t\t<\/div>\n\t\t\t\t<\/div>\n\t\t\t\t\t<\/div>\n\t\t\t\t<\/div>\n\t\t\t\t<\/div>\n\t\t","protected":false},"excerpt":{"rendered":"<p>La Fundaci\u00f3n Florencio P\u00e9rez concret\u00f3 la entrega de equipamiento para el Hospital Espa\u00f1ol de La Plata, gracias a lo recaudado en la Cena del Aniversario de la Ciudad. El acto se realiz\u00f3 la semana pasada con la participaci\u00f3n de autoridades del hospital y miembros de la Fundaci\u00f3n. El monto total recaudado en la cena fue [&hellip;]<\/p>\n","protected":false},"author":6,"featured_media":6401,"comment_status":"closed","ping_status":"closed","sticky":false,"template":"","format":"standard","meta":{"footnotes":""},"categories":[56],"tags":[],"class_list":["post-6399","post","type-post","status-publish","format-standard","has-post-thumbnail","hentry","category-56"],"_links":{"self":[{"href":"https:\/\/florencioperez.org\/index.php\/wp-json\/wp\/v2\/posts\/6399","targetHints":{"allow":["GET"]}}],"collection":[{"href":"https:\/\/florencioperez.org\/index.php\/wp-json\/wp\/v2\/posts"}],"about":[{"href":"https:\/\/florencioperez.org\/index.php\/wp-json\/wp\/v2\/types\/post"}],"author":[{"embeddable":true,"href":"https:\/\/florencioperez.org\/index.php\/wp-json\/wp\/v2\/users\/6"}],"replies":[{"embeddable":true,"href":"https:\/\/florencioperez.org\/index.php\/wp-json\/wp\/v2\/comments?post=6399"}],"version-history":[{"count":5,"href":"https:\/\/florencioperez.org\/index.php\/wp-json\/wp\/v2\/posts\/6399\/revisions"}],"predecessor-version":[{"id":6409,"href":"https:\/\/florencioperez.org\/index.php\/wp-json\/wp\/v2\/posts\/6399\/revisions\/6409"}],"wp:featuredmedia":[{"embeddable":true,"href":"https:\/\/florencioperez.org\/index.php\/wp-json\/wp\/v2\/media\/6401"}],"wp:attachment":[{"href":"https:\/\/florencioperez.org\/index.php\/wp-json\/wp\/v2\/media?parent=6399"}],"wp:term":[{"taxonomy":"category","embeddable":true,"href":"https:\/\/florencioperez.org\/index.php\/wp-json\/wp\/v2\/categories?post=6399"},{"taxonomy":"post_tag","embeddable":true,"href":"https:\/\/florencioperez.org\/index.php\/wp-json\/wp\/v2\/tags?post=6399"}],"curies":[{"name":"wp","href":"https:\/\/api.w.org\/{rel}","templated":true}]}}