{"id":6364,"date":"2025-06-19T12:47:11","date_gmt":"2025-06-19T15:47:11","guid":{"rendered":"https:\/\/florencioperez.org\/?p=6364"},"modified":"2025-06-19T13:14:43","modified_gmt":"2025-06-19T16:14:43","slug":"apoyo-escolar-de-fundacion-florencio-perez","status":"publish","type":"post","link":"https:\/\/florencioperez.org\/index.php\/2025\/06\/19\/apoyo-escolar-de-fundacion-florencio-perez\/","title":{"rendered":"Apoyo Escolar de Fundaci\u00f3n Florencio P\u00e9rez"},"content":{"rendered":"\t\t<div data-elementor-type=\"wp-post\" data-elementor-id=\"6364\" class=\"elementor elementor-6364\">\n\t\t\t\t        <section class=\"elementor-section elementor-top-section elementor-element elementor-element-5d5dfdb6 elementor-section-boxed elementor-section-height-default elementor-section-height-default ct-header-fixed-none ct-row-max-none\" data-id=\"5d5dfdb6\" data-element_type=\"section\">\n            \n                        <div class=\"elementor-container elementor-column-gap-default \">\n                    <div class=\"elementor-column elementor-col-100 elementor-top-column elementor-element elementor-element-7e7a579\" data-id=\"7e7a579\" data-element_type=\"column\">\n        <div class=\"elementor-widget-wrap elementor-element-populated\">\n                    \n        \t\t<div class=\"elementor-element elementor-element-625149a9 elementor-widget elementor-widget-text-editor\" data-id=\"625149a9\" data-element_type=\"widget\" data-widget_type=\"text-editor.default\">\n\t\t\t\t<div class=\"elementor-widget-container\">\n\t\t\t\t\t\t\t\t\t<p data-start=\"158\" data-end=\"195\"><span class=\"relative -mx-px my-[-0.2rem] rounded px-px py-[0.2rem] transition-colors duration-100 ease-in-out\">La Fundaci\u00f3n Florencio P\u00e9rez arranc\u00f3 un nuevo ciclo de <strong data-start=\"55\" data-end=\"81\">Apoyo Escolar gratuito<\/strong> en el Club Tricolores (Calle 94 entre 4 y 5), destinado a ni\u00f1as, ni\u00f1os y adolescentes de la comunidad local. <\/span><span class=\"relative -mx-px my-[-0.2rem] rounded px-px py-[0.2rem] transition-colors duration-100 ease-in-out\">Las clases se ofrecen en <strong data-start=\"216\" data-end=\"241\">turnos ma\u00f1ana y tarde<\/strong>, coordinadas por un equipo de docentes y voluntarios comprometidos.<\/span><\/p><p data-start=\"197\" data-end=\"234\"><span class=\"relative -mx-px my-[-0.2rem] rounded px-px py-[0.2rem] transition-colors duration-100 ease-in-out\">El espacio tiene como objetivo <strong>reforzar los aprendizajes escolares<\/strong>, brindar <strong>acompa\u00f1amiento personalizado<\/strong> y fomentar h\u00e1bitos de estudio en un ambiente seguro y motivador. A trav\u00e9s de esta iniciativa, la Fundaci\u00f3n contin\u00faa trabajando para reducir desigualdades educativas y <strong>construir una comunidad m\u00e1s justa e inclusiva<\/strong>.<\/span><\/p><p data-start=\"399\" data-end=\"429\"><strong>Brindar apoyo escolar:<\/strong><\/p><ol data-start=\"431\" data-end=\"720\"><li data-start=\"431\" data-end=\"500\"><p data-start=\"434\" data-end=\"500\">Refuerza contenidos escolares que pueden haber quedado pendientes.<\/p><\/li><li data-start=\"501\" data-end=\"611\"><p data-start=\"504\" data-end=\"611\">Contribuye a reducir las <strong data-start=\"529\" data-end=\"557\">desigualdades educativas<\/strong>, brindando recursos gratuitos a quienes lo necesitan.<\/p><\/li><li data-start=\"612\" data-end=\"720\"><p data-start=\"615\" data-end=\"720\">Estimula una <strong data-start=\"628\" data-end=\"664\">activa participaci\u00f3n comunitaria<\/strong>, al involucrar familias, voluntarios y actores locales.<\/p><\/li><\/ol><p data-start=\"727\" data-end=\"787\">\u00bfQuer\u00e9s inscribir a un estudiante o sumarte como voluntario?<\/p><p data-start=\"727\" data-end=\"787\">Contactate con la Fundaci\u00f3n:<\/p><ul><li data-start=\"823\" data-end=\"859\"><strong data-start=\"823\" data-end=\"832\">Email<\/strong>: <a class=\"cursor-pointer\" rel=\"noopener\" data-start=\"834\" data-end=\"857\">info@florencioperez.org<\/a><\/li><li data-start=\"862\" data-end=\"888\"><strong>Tel:<\/strong> +54\u202f9\u202f221\u202f654\u20110908<\/li><\/ul>\t\t\t\t\t\t\t\t<\/div>\n\t\t\t\t<\/div>\n\t\t            <\/div>\n        <\/div>\n                    <\/div>\n        <\/section>\n        \t\t<\/div>\n\t\t","protected":false},"excerpt":{"rendered":"<p>La Fundaci\u00f3n Florencio P\u00e9rez arranc\u00f3 un nuevo ciclo de Apoyo Escolar gratuito en el Club Tricolores (Calle 94 entre 4 y 5), destinado a ni\u00f1as, ni\u00f1os y adolescentes de la comunidad local. Las clases se ofrecen en turnos ma\u00f1ana y tarde, coordinadas por un equipo de docentes y voluntarios comprometidos. El espacio tiene como objetivo [&hellip;]<\/p>\n","protected":false},"author":6,"featured_media":6369,"comment_status":"closed","ping_status":"closed","sticky":false,"template":"","format":"standard","meta":{"footnotes":""},"categories":[56],"tags":[],"class_list":["post-6364","post","type-post","status-publish","format-standard","has-post-thumbnail","hentry","category-56"],"_links":{"self":[{"href":"https:\/\/florencioperez.org\/index.php\/wp-json\/wp\/v2\/posts\/6364","targetHints":{"allow":["GET"]}}],"collection":[{"href":"https:\/\/florencioperez.org\/index.php\/wp-json\/wp\/v2\/posts"}],"about":[{"href":"https:\/\/florencioperez.org\/index.php\/wp-json\/wp\/v2\/types\/post"}],"author":[{"embeddable":true,"href":"https:\/\/florencioperez.org\/index.php\/wp-json\/wp\/v2\/users\/6"}],"replies":[{"embeddable":true,"href":"https:\/\/florencioperez.org\/index.php\/wp-json\/wp\/v2\/comments?post=6364"}],"version-history":[{"count":7,"href":"https:\/\/florencioperez.org\/index.php\/wp-json\/wp\/v2\/posts\/6364\/revisions"}],"predecessor-version":[{"id":6372,"href":"https:\/\/florencioperez.org\/index.php\/wp-json\/wp\/v2\/posts\/6364\/revisions\/6372"}],"wp:featuredmedia":[{"embeddable":true,"href":"https:\/\/florencioperez.org\/index.php\/wp-json\/wp\/v2\/media\/6369"}],"wp:attachment":[{"href":"https:\/\/florencioperez.org\/index.php\/wp-json\/wp\/v2\/media?parent=6364"}],"wp:term":[{"taxonomy":"category","embeddable":true,"href":"https:\/\/florencioperez.org\/index.php\/wp-json\/wp\/v2\/categories?post=6364"},{"taxonomy":"post_tag","embeddable":true,"href":"https:\/\/florencioperez.org\/index.php\/wp-json\/wp\/v2\/tags?post=6364"}],"curies":[{"name":"wp","href":"https:\/\/api.w.org\/{rel}","templated":true}]}}