{"id":6221,"date":"2024-12-20T13:11:37","date_gmt":"2024-12-20T16:11:37","guid":{"rendered":"https:\/\/florencioperez.org\/?p=6221"},"modified":"2025-06-27T11:53:51","modified_gmt":"2025-06-27T14:53:51","slug":"cena-aniversario-cdad-de-la-plata-2024","status":"publish","type":"post","link":"https:\/\/florencioperez.org\/index.php\/2024\/12\/20\/cena-aniversario-cdad-de-la-plata-2024\/","title":{"rendered":"Cena Aniversario Cdad de La Plata 2024"},"content":{"rendered":"\t\t<div data-elementor-type=\"wp-post\" data-elementor-id=\"6221\" class=\"elementor elementor-6221\">\n\t\t\t\t        <section class=\"elementor-section elementor-top-section elementor-element elementor-element-5d5dfdb6 elementor-section-boxed elementor-section-height-default elementor-section-height-default ct-header-fixed-none ct-row-max-none\" data-id=\"5d5dfdb6\" data-element_type=\"section\">\n            \n                        <div class=\"elementor-container elementor-column-gap-default \">\n                    <div class=\"elementor-column elementor-col-100 elementor-top-column elementor-element elementor-element-7e7a579\" data-id=\"7e7a579\" data-element_type=\"column\">\n        <div class=\"elementor-widget-wrap elementor-element-populated\">\n                    \n        \t\t<div class=\"elementor-element elementor-element-625149a9 elementor-widget elementor-widget-text-editor\" data-id=\"625149a9\" data-element_type=\"widget\" data-widget_type=\"text-editor.default\">\n\t\t\t\t<div class=\"elementor-widget-container\">\n\t\t\t\t\t\t\t\t\t<div class=\"title\"><strong>La Cena por el Aniversario de nuestra querida Ciudad de La Plata entreg\u00f3 m\u00e1s solidaridad que nunca.<\/strong><\/div><div class=\"title\"><p>El lunes 18 de noviembre se llev\u00f3 a cabo la cena anual de la Fundaci\u00f3n Florencio P\u00e9rez, el cl\u00e1sico evento solidario para festejar el aniversario de la ciudad de La Plata. Estamos felices porque todo fue un \u00e9xito!<\/p><p>Asistieron m\u00e1s de 580 personas, entre ellas estuvieron presentes autoridades provinciales y locales, as\u00ed como dirigentes de instituciones y referentes de distintas \u00e1reas. Durante la velada, se recaudaron <strong>$114.140.000 y U$10.000,<\/strong> destinados a equipar<strong> la sala de Cuidados Intensivos del Hospital Espa\u00f1ol y a la promoci\u00f3n de becas para estudiantes de medicina.<\/strong><\/p><p>Agradecemos a todos\/as los que participaron y aportaron a este esfuerzo conjunto, reafirmando su compromiso con la comunidad.<\/p><p><strong>Este evento no solo simboliza solidaridad, sino tambi\u00e9n el impacto positivo que se puede generar cuando trabajamos juntos por un objetivo com\u00fan.<\/strong><\/p><\/div>\t\t\t\t\t\t\t\t<\/div>\n\t\t\t\t<\/div>\n\t\t\t\t<div class=\"elementor-element elementor-element-5c71449 elementor-widget__width-inherit elementor-arrows-position-inside elementor-pagination-position-outside elementor-invisible elementor-widget elementor-widget-image-carousel\" data-id=\"5c71449\" data-element_type=\"widget\" data-settings=\"{&quot;slides_to_show&quot;:&quot;2&quot;,&quot;image_spacing_custom&quot;:{&quot;unit&quot;:&quot;px&quot;,&quot;size&quot;:15,&quot;sizes&quot;:[]},&quot;_animation&quot;:&quot;zoomIn&quot;,&quot;navigation&quot;:&quot;both&quot;,&quot;autoplay&quot;:&quot;yes&quot;,&quot;pause_on_hover&quot;:&quot;yes&quot;,&quot;pause_on_interaction&quot;:&quot;yes&quot;,&quot;autoplay_speed&quot;:5000,&quot;infinite&quot;:&quot;yes&quot;,&quot;speed&quot;:500,&quot;image_spacing_custom_tablet&quot;:{&quot;unit&quot;:&quot;px&quot;,&quot;size&quot;:&quot;&quot;,&quot;sizes&quot;:[]},&quot;image_spacing_custom_mobile&quot;:{&quot;unit&quot;:&quot;px&quot;,&quot;size&quot;:&quot;&quot;,&quot;sizes&quot;:[]}}\" data-widget_type=\"image-carousel.default\">\n\t\t\t\t<div class=\"elementor-widget-container\">\n\t\t\t\t\t\t\t<div class=\"elementor-image-carousel-wrapper swiper\" role=\"region\" aria-roledescription=\"carousel\" aria-label=\"Carrusel de im\u00e1genes\" dir=\"ltr\">\n\t\t\t<div class=\"elementor-image-carousel swiper-wrapper\" aria-live=\"off\">\n\t\t\t\t\t\t\t\t<div class=\"swiper-slide\" role=\"group\" aria-roledescription=\"slide\" aria-label=\"1 of 10\"><figure class=\"swiper-slide-inner\"><img decoding=\"async\" class=\"swiper-slide-image\" src=\"https:\/\/florencioperez.org\/wp-content\/uploads\/2025\/02\/WhatsApp-Image-2024-11-21-at-19.28.27-3.jpeg\" alt=\"Cena Aniversario La Plata Florencio Perez\" \/><\/figure><\/div><div class=\"swiper-slide\" role=\"group\" aria-roledescription=\"slide\" aria-label=\"2 of 10\"><figure class=\"swiper-slide-inner\"><img decoding=\"async\" class=\"swiper-slide-image\" src=\"https:\/\/florencioperez.org\/wp-content\/uploads\/2025\/02\/WhatsApp-Image-2024-11-22-at-09.04.22.jpeg\" alt=\"Cena Aniversario La Plata Florencio Perez\" \/><\/figure><\/div><div class=\"swiper-slide\" role=\"group\" aria-roledescription=\"slide\" aria-label=\"3 of 10\"><figure class=\"swiper-slide-inner\"><img decoding=\"async\" class=\"swiper-slide-image\" src=\"https:\/\/florencioperez.org\/wp-content\/uploads\/2025\/02\/WhatsApp-Image-2024-11-21-at-19.28.26-3.jpeg\" alt=\"Cena Aniversario La Plata Florencio Perez\" \/><\/figure><\/div><div class=\"swiper-slide\" role=\"group\" aria-roledescription=\"slide\" aria-label=\"4 of 10\"><figure class=\"swiper-slide-inner\"><img decoding=\"async\" class=\"swiper-slide-image\" src=\"https:\/\/florencioperez.org\/wp-content\/uploads\/2025\/02\/WhatsApp-Image-2024-11-22-at-08.39.11.jpeg\" alt=\"Cena Aniversario La Plata Florencio Perez\" \/><\/figure><\/div><div class=\"swiper-slide\" role=\"group\" aria-roledescription=\"slide\" aria-label=\"5 of 10\"><figure class=\"swiper-slide-inner\"><img decoding=\"async\" class=\"swiper-slide-image\" src=\"https:\/\/florencioperez.org\/wp-content\/uploads\/2025\/02\/WhatsApp-Image-2024-11-21-at-19.28.28-2.jpeg\" alt=\"Cena Aniversario La Plata Florencio Perez\" \/><\/figure><\/div><div class=\"swiper-slide\" role=\"group\" aria-roledescription=\"slide\" aria-label=\"6 of 10\"><figure class=\"swiper-slide-inner\"><img decoding=\"async\" class=\"swiper-slide-image\" src=\"https:\/\/florencioperez.org\/wp-content\/uploads\/2025\/02\/WhatsApp-Image-2024-11-21-at-19.28.23-1.jpeg\" alt=\"Cena Aniversario La Plata Florencio Perez\" \/><\/figure><\/div><div class=\"swiper-slide\" role=\"group\" aria-roledescription=\"slide\" aria-label=\"7 of 10\"><figure class=\"swiper-slide-inner\"><img decoding=\"async\" class=\"swiper-slide-image\" src=\"https:\/\/florencioperez.org\/wp-content\/uploads\/2025\/02\/WhatsApp-Image-2024-11-22-at-09.04.55.jpeg\" alt=\"Cena Aniversario La Plata Florencio Perez\" \/><\/figure><\/div><div class=\"swiper-slide\" role=\"group\" aria-roledescription=\"slide\" aria-label=\"8 of 10\"><figure class=\"swiper-slide-inner\"><img decoding=\"async\" class=\"swiper-slide-image\" src=\"https:\/\/florencioperez.org\/wp-content\/uploads\/2025\/02\/WhatsApp-Image-2024-11-21-at-19.28.27-2.jpeg\" alt=\"Cena Aniversario La Plata Florencio Perez\" \/><\/figure><\/div><div class=\"swiper-slide\" role=\"group\" aria-roledescription=\"slide\" aria-label=\"9 of 10\"><figure class=\"swiper-slide-inner\"><img decoding=\"async\" class=\"swiper-slide-image\" src=\"https:\/\/florencioperez.org\/wp-content\/uploads\/2025\/02\/WhatsApp-Image-2024-11-22-at-09.03.14.jpeg\" alt=\"Cena Aniversario La Plata Florencio Perez\" \/><\/figure><\/div><div class=\"swiper-slide\" role=\"group\" aria-roledescription=\"slide\" aria-label=\"10 of 10\"><figure class=\"swiper-slide-inner\"><img decoding=\"async\" class=\"swiper-slide-image\" src=\"https:\/\/florencioperez.org\/wp-content\/uploads\/2025\/02\/WhatsApp-Image-2024-11-21-at-19.18.25.jpeg\" alt=\"Cena Aniversario La Plata Florencio Perez\" \/><\/figure><\/div>\t\t\t<\/div>\n\t\t\t\t\t\t\t\t\t\t\t\t<div class=\"elementor-swiper-button elementor-swiper-button-prev\" role=\"button\" tabindex=\"0\">\n\t\t\t\t\t\t<i aria-hidden=\"true\" class=\"eicon-chevron-left\"><\/i>\t\t\t\t\t<\/div>\n\t\t\t\t\t<div class=\"elementor-swiper-button elementor-swiper-button-next\" role=\"button\" tabindex=\"0\">\n\t\t\t\t\t\t<i aria-hidden=\"true\" class=\"eicon-chevron-right\"><\/i>\t\t\t\t\t<\/div>\n\t\t\t\t\n\t\t\t\t\t\t\t\t\t<div class=\"swiper-pagination\"><\/div>\n\t\t\t\t\t\t\t\t\t<\/div>\n\t\t\t\t\t\t<\/div>\n\t\t\t\t<\/div>\n\t\t\t\t<div class=\"elementor-element elementor-element-d891741 elementor-widget elementor-widget-spacer\" data-id=\"d891741\" data-element_type=\"widget\" data-widget_type=\"spacer.default\">\n\t\t\t\t<div class=\"elementor-widget-container\">\n\t\t\t\t\t\t\t<div class=\"elementor-spacer\">\n\t\t\t<div class=\"elementor-spacer-inner\"><\/div>\n\t\t<\/div>\n\t\t\t\t\t\t<\/div>\n\t\t\t\t<\/div>\n\t\t\t\t<div class=\"elementor-element elementor-element-d9613b0 elementor-widget elementor-widget-text-editor\" data-id=\"d9613b0\" data-element_type=\"widget\" data-widget_type=\"text-editor.default\">\n\t\t\t\t<div class=\"elementor-widget-container\">\n\t\t\t\t\t\t\t\t\t<h3><strong>Lista de donantes<\/strong><\/h3><table width=\"482\"><tbody><tr><td width=\"354\"><h6><strong>Donante<\/strong><\/h6><\/td><td width=\"128\"><h6><strong>\u00a0Monto $ <\/strong><\/h6><\/td><\/tr><tr><td width=\"354\"><strong>ACLHO<\/strong><\/td><td width=\"128\">\u00a0$\u00a0\u00a0\u00a0\u00a0\u00a0\u00a0\u00a0\u00a0\u00a0\u00a0\u00a0\u00a0\u00a0\u00a0 250.000,00<\/td><\/tr><tr><td width=\"354\"><strong>Alan Roy Yaneff<\/strong><\/td><td width=\"128\">\u00a0$\u00a0\u00a0\u00a0\u00a0\u00a0\u00a0\u00a0\u00a0\u00a0\u00a0\u00a0\u00a0\u00a0\u00a0 250.000,00<\/td><\/tr><tr><td width=\"354\"><strong>AMTE<\/strong><\/td><td width=\"128\">\u00a0$\u00a0\u00a0\u00a0\u00a0\u00a0\u00a0\u00a0\u00a0\u00a0\u00a0\u00a0 5.000.000,00<\/td><\/tr><tr><td width=\"354\"><strong>An\u00f3nimo<\/strong><\/td><td width=\"128\">\u00a0$\u00a0\u00a0\u00a0\u00a0\u00a0\u00a0\u00a0\u00a0\u00a0\u00a0\u00a0\u00a0\u00a0\u00a0 800.000,00<\/td><\/tr><tr><td width=\"354\"><strong>An\u00f3nimo<\/strong><\/td><td width=\"128\">\u00a0$\u00a0\u00a0\u00a0\u00a0\u00a0\u00a0\u00a0\u00a0\u00a0\u00a0\u00a0\u00a0\u00a0\u00a0 250.000,00<\/td><\/tr><tr><td width=\"354\"><strong>BED COLLECTION SA<\/strong><\/td><td width=\"128\">\u00a0$\u00a0\u00a0\u00a0\u00a0\u00a0\u00a0\u00a0\u00a0\u00a0\u00a0\u00a0\u00a0\u00a0\u00a0 200.000,00<\/td><\/tr><tr><td width=\"354\"><strong>CALPO<\/strong><\/td><td width=\"128\">\u00a0$\u00a0\u00a0\u00a0\u00a0\u00a0\u00a0\u00a0\u00a0\u00a0\u00a0\u00a0\u00a0\u00a0\u00a0 500.000,00<\/td><\/tr><tr><td width=\"354\"><strong>CAMARCO<\/strong><\/td><td width=\"128\">\u00a0$\u00a0\u00a0\u00a0\u00a0\u00a0\u00a0\u00a0\u00a0\u00a0\u00a0\u00a0 5.000.000,00<\/td><\/tr><tr><td width=\"354\"><strong>Candelaria Cibraro<\/strong><\/td><td width=\"128\">\u00a0$\u00a0\u00a0\u00a0\u00a0\u00a0\u00a0\u00a0\u00a0\u00a0\u00a0\u00a0\u00a0\u00a0\u00a0 500.000,00<\/td><\/tr><tr><td width=\"354\"><strong>Carmen Zuccarelli<\/strong><\/td><td width=\"128\">\u00a0$\u00a0\u00a0\u00a0\u00a0\u00a0\u00a0\u00a0\u00a0\u00a0\u00a0\u00a0\u00a0\u00a0\u00a0 250.000,00<\/td><\/tr><tr><td width=\"354\"><strong>Casa Silicaro<\/strong><\/td><td width=\"128\">\u00a0$\u00a0\u00a0\u00a0\u00a0\u00a0\u00a0\u00a0\u00a0\u00a0\u00a0\u00a0 1.000.000,00<\/td><\/tr><tr><td width=\"354\"><strong>Cer\u00e1mica Ctibor &#8211; Carolina Ctibor<\/strong><\/td><td width=\"128\">\u00a0$\u00a0\u00a0\u00a0\u00a0\u00a0\u00a0\u00a0\u00a0\u00a0\u00a0\u00a0 3.500.000,00<\/td><\/tr><tr><td width=\"354\"><strong>C\u00e9sar Acu\u00f1a<\/strong><\/td><td width=\"128\">\u00a0$\u00a0\u00a0\u00a0\u00a0\u00a0\u00a0\u00a0\u00a0\u00a0\u00a0\u00a0\u00a0\u00a0\u00a0 100.000,00<\/td><\/tr><tr><td width=\"354\"><strong>Colegio de Magistrados<\/strong><\/td><td width=\"128\">\u00a0$\u00a0\u00a0\u00a0\u00a0\u00a0\u00a0\u00a0\u00a0\u00a0\u00a0\u00a0\u00a0\u00a0\u00a0 400.000,00<\/td><\/tr><tr><td width=\"354\"><strong>Dami\u00e1n Roel<\/strong><\/td><td width=\"128\">\u00a0$\u00a0\u00a0\u00a0\u00a0\u00a0\u00a0\u00a0\u00a0\u00a0\u00a0\u00a0 1.000.000,00<\/td><\/tr><tr><td width=\"354\"><strong>Daniel Reija<\/strong><\/td><td width=\"128\">\u00a0$\u00a0\u00a0\u00a0\u00a0\u00a0\u00a0\u00a0\u00a0\u00a0\u00a0\u00a0\u00a0\u00a0\u00a0 250.000,00<\/td><\/tr><tr><td width=\"354\"><strong>Dardo Rodr\u00edguez<\/strong><\/td><td width=\"128\">\u00a0$\u00a0\u00a0\u00a0\u00a0\u00a0\u00a0\u00a0\u00a0\u00a0\u00a0\u00a0 1.000.000,00<\/td><\/tr><tr><td width=\"354\"><strong>Edelap<\/strong><\/td><td width=\"128\">\u00a0$\u00a0\u00a0\u00a0\u00a0\u00a0\u00a0\u00a0\u00a0\u00a0\u00a0\u00a0 3.000.000,00<\/td><\/tr><tr><td width=\"354\"><strong>Eduardo Kovalivker<\/strong><\/td><td width=\"128\">\u00a0$\u00a0\u00a0\u00a0\u00a0\u00a0\u00a0\u00a0\u00a0\u00a0\u00a0\u00a0 3.000.000,00<\/td><\/tr><tr><td width=\"354\"><strong>Estudio Jur\u00eddico Mendoza Pe\u00f1a-Valdez<\/strong><\/td><td width=\"128\">\u00a0$\u00a0\u00a0\u00a0\u00a0\u00a0\u00a0\u00a0\u00a0\u00a0\u00a0\u00a0\u00a0\u00a0\u00a0 400.000,00<\/td><\/tr><tr><td width=\"354\"><strong>ESUR SA<\/strong><\/td><td width=\"128\">\u00a0$\u00a0\u00a0\u00a0\u00a0\u00a0\u00a0\u00a0\u00a0 20.000.000,00<\/td><\/tr><tr><td width=\"354\"><strong>Ezequiel Iba\u00f1ez<\/strong><\/td><td width=\"128\">\u00a0$\u00a0\u00a0\u00a0\u00a0\u00a0\u00a0\u00a0\u00a0\u00a0\u00a0\u00a0 1.000.000,00<\/td><\/tr><tr><td width=\"354\"><strong>Familia Harari<\/strong><\/td><td width=\"128\">\u00a0$\u00a0\u00a0\u00a0\u00a0\u00a0\u00a0\u00a0\u00a0\u00a0\u00a0\u00a0\u00a0\u00a0\u00a0 850.000,00<\/td><\/tr><tr><td width=\"354\"><strong>Familia Kraiselburd<\/strong><\/td><td width=\"128\">\u00a0$\u00a0\u00a0\u00a0\u00a0\u00a0\u00a0\u00a0\u00a0\u00a0\u00a0\u00a0 3.000.000,00<\/td><\/tr><tr><td width=\"354\"><strong>Familia Mu\u00f1oz (Don\u00f3 U$ 10.000 \u2013 Cambio MEP $1.188)<\/strong><\/td><td width=\"128\">\u00a0$\u00a0\u00a0\u00a0\u00a0\u00a0\u00a0\u00a0\u00a0 11.880.000,00<\/td><\/tr><tr><td width=\"354\"><strong>FAMSA\u00a0\u00a0\u00a0\u00a0\u00a0\u00a0\u00a0\u00a0\u00a0\u00a0\u00a0\u00a0\u00a0\u00a0 <\/strong><\/td><td width=\"128\">\u00a0$\u00a0\u00a0\u00a0\u00a0\u00a0\u00a0\u00a0\u00a0\u00a0\u00a0\u00a0\u00a0\u00a0\u00a0 240.000,00<\/td><\/tr><tr><td width=\"354\"><strong>FEC &#8211; Federaci\u00f3n Entidades de Combustible<\/strong><\/td><td width=\"128\">\u00a0$\u00a0\u00a0\u00a0\u00a0\u00a0\u00a0\u00a0\u00a0\u00a0\u00a0\u00a0\u00a0\u00a0\u00a0 600.000,00<\/td><\/tr><tr><td width=\"354\"><strong>Federaci\u00f3n de Mutuales Regional LP<\/strong><\/td><td width=\"128\">\u00a0$\u00a0\u00a0\u00a0\u00a0\u00a0\u00a0\u00a0\u00a0\u00a0\u00a0\u00a0\u00a0\u00a0\u00a0 750.000,00<\/td><\/tr><tr><td width=\"354\"><strong>Foro Profesional Inmobiliario<\/strong><\/td><td width=\"128\">\u00a0$\u00a0\u00a0\u00a0\u00a0\u00a0\u00a0\u00a0\u00a0\u00a0\u00a0\u00a0\u00a0\u00a0\u00a0 100.000,00<\/td><\/tr><tr><td width=\"354\"><strong>Francisco Barrio<\/strong><\/td><td width=\"128\">\u00a0$\u00a0\u00a0\u00a0\u00a0\u00a0\u00a0\u00a0\u00a0\u00a0\u00a0\u00a0\u00a0\u00a0\u00a0 100.000,00<\/td><\/tr><tr><td width=\"354\"><strong>Grupo Imacova<\/strong><\/td><td width=\"128\">\u00a0$\u00a0\u00a0\u00a0\u00a0\u00a0\u00a0\u00a0\u00a0\u00a0\u00a0\u00a0 5.000.000,00<\/td><\/tr><tr><td width=\"354\"><strong>Grupo Moretto<\/strong><\/td><td width=\"128\">\u00a0$\u00a0\u00a0\u00a0\u00a0\u00a0\u00a0\u00a0\u00a0\u00a0\u00a0\u00a0 1.000.000,00<\/td><\/tr><tr><td width=\"354\"><strong>H\u00e9ctor Vogliolo<\/strong><\/td><td width=\"128\">\u00a0$\u00a0\u00a0\u00a0\u00a0\u00a0\u00a0\u00a0\u00a0\u00a0\u00a0\u00a0\u00a0\u00a0\u00a0 300.000,00<\/td><\/tr><tr><td width=\"354\"><strong>Hidr\u00e1ulica de Ensenada<\/strong><\/td><td width=\"128\">\u00a0$\u00a0\u00a0\u00a0\u00a0\u00a0\u00a0\u00a0\u00a0\u00a0\u00a0\u00a0\u00a0\u00a0\u00a0 400.000,00<\/td><\/tr><tr><td width=\"354\"><strong>Jose Anacleto e Hijos<\/strong><\/td><td width=\"128\">\u00a0$\u00a0\u00a0\u00a0\u00a0\u00a0\u00a0\u00a0\u00a0\u00a0\u00a0\u00a0 3.000.000,00<\/td><\/tr><tr><td width=\"354\"><strong>Juan Carlos Bas\u00edlico y Sra<\/strong><\/td><td width=\"128\">\u00a0$\u00a0\u00a0\u00a0\u00a0\u00a0\u00a0\u00a0\u00a0\u00a0\u00a0\u00a0\u00a0\u00a0\u00a0 150.000,00<\/td><\/tr><tr><td width=\"354\"><strong>Juan Mariano Pais e Iv\u00e1n Balbona<\/strong><\/td><td width=\"128\">\u00a0$\u00a0\u00a0\u00a0\u00a0\u00a0\u00a0\u00a0\u00a0 12.000.000,00<\/td><\/tr><tr><td width=\"354\"><strong>Juan Pablo Canclini<\/strong><\/td><td width=\"128\">\u00a0$\u00a0\u00a0\u00a0\u00a0\u00a0\u00a0\u00a0\u00a0\u00a0\u00a0\u00a0\u00a0\u00a0\u00a0 100.000,00<\/td><\/tr><tr><td width=\"354\"><strong>Juan Pablo Canclini<\/strong><\/td><td width=\"128\">\u00a0$\u00a0\u00a0\u00a0\u00a0\u00a0\u00a0\u00a0\u00a0\u00a0\u00a0\u00a0 1.000.000,00<\/td><\/tr><tr><td width=\"354\"><strong>Julio Alak y Ana<\/strong><\/td><td width=\"128\">\u00a0$\u00a0\u00a0\u00a0\u00a0\u00a0\u00a0\u00a0\u00a0\u00a0\u00a0\u00a0 1.000.000,00<\/td><\/tr><tr><td width=\"354\"><strong>Julio Cuenca<\/strong><\/td><td width=\"128\">\u00a0$\u00a0\u00a0\u00a0\u00a0\u00a0\u00a0\u00a0\u00a0\u00a0\u00a0\u00a0\u00a0\u00a0\u00a0 400.000,00<\/td><\/tr><tr><td width=\"354\"><strong>Leonardo Barrio<\/strong><\/td><td width=\"128\">\u00a0$\u00a0\u00a0\u00a0\u00a0\u00a0\u00a0\u00a0\u00a0\u00a0\u00a0\u00a0\u00a0\u00a0\u00a0 500.000,00<\/td><\/tr><tr><td width=\"354\"><strong>Mart\u00edn Ignacio Vega<\/strong><\/td><td width=\"128\">\u00a0$\u00a0\u00a0\u00a0\u00a0\u00a0\u00a0\u00a0\u00a0\u00a0\u00a0\u00a0\u00a0\u00a0\u00a0 100.000,00<\/td><\/tr><tr><td width=\"354\"><strong>Pablo Ricciardi<\/strong><\/td><td width=\"128\">\u00a0$\u00a0\u00a0\u00a0\u00a0\u00a0\u00a0\u00a0\u00a0\u00a0\u00a0\u00a0\u00a0\u00a0\u00a0 150.000,00<\/td><\/tr><tr><td width=\"354\"><strong>Patricio Lustig<\/strong><\/td><td width=\"128\">\u00a0$\u00a0\u00a0\u00a0\u00a0\u00a0\u00a0\u00a0\u00a0\u00a0\u00a0\u00a0\u00a0\u00a0\u00a0 100.000,00<\/td><\/tr><tr><td width=\"354\"><strong>Pedro Belloni y flia<\/strong><\/td><td width=\"128\">\u00a0$\u00a0\u00a0\u00a0\u00a0\u00a0\u00a0\u00a0\u00a0\u00a0\u00a0\u00a0 1.000.000,00<\/td><\/tr><tr><td width=\"354\"><strong>Pedro Borgini<\/strong><\/td><td width=\"128\">\u00a0$\u00a0\u00a0\u00a0\u00a0\u00a0\u00a0\u00a0\u00a0\u00a0\u00a0\u00a0\u00a0\u00a0\u00a0 250.000,00<\/td><\/tr><tr><td width=\"354\"><strong>Rapicuotas<\/strong><\/td><td width=\"128\">\u00a0$\u00a0\u00a0\u00a0\u00a0\u00a0\u00a0\u00a0\u00a0 14.000.000,00<\/td><\/tr><tr><td width=\"354\"><strong>Remax Argentina<\/strong><\/td><td width=\"128\">\u00a0$\u00a0\u00a0\u00a0\u00a0\u00a0\u00a0\u00a0\u00a0\u00a0\u00a0\u00a0 3.500.000,00<\/td><\/tr><tr><td width=\"354\"><strong>Ricardo Salom\u00e9 &#8211; Grupo Galia<\/strong><\/td><td width=\"128\">\u00a0$\u00a0\u00a0\u00a0\u00a0\u00a0\u00a0\u00a0\u00a0\u00a0\u00a0\u00a0 4.000.000,00<\/td><\/tr><tr><td width=\"354\"><strong>Rodolfo Molinari<\/strong><\/td><td width=\"128\">\u00a0$\u00a0\u00a0\u00a0\u00a0\u00a0\u00a0\u00a0\u00a0\u00a0\u00a0\u00a0\u00a0\u00a0\u00a0 150.000,00<\/td><\/tr><tr><td width=\"354\"><strong>Rodolfo Molinari<\/strong><\/td><td width=\"128\">\u00a0$\u00a0\u00a0\u00a0\u00a0\u00a0\u00a0\u00a0\u00a0\u00a0\u00a0\u00a0\u00a0\u00a0\u00a0 200.000,00<\/td><\/tr><tr><td width=\"354\"><strong>Santiago L\u00f3pez Akimenco en memoria de Arturo L\u00f3pez Akimenko<\/strong><\/td><td width=\"128\">\u00a0$\u00a0\u00a0\u00a0\u00a0\u00a0\u00a0\u00a0\u00a0\u00a0\u00a0\u00a0\u00a0\u00a0\u00a0 250.000,00<\/td><\/tr><tr><td width=\"354\"><strong>Valent\u00edn Glitchensky<\/strong><\/td><td width=\"128\">\u00a0$\u00a0\u00a0\u00a0\u00a0\u00a0\u00a0\u00a0\u00a0\u00a0\u00a0\u00a0\u00a0\u00a0\u00a0 100.000,00<\/td><\/tr><tr><td width=\"354\"><strong>Valent\u00edn Glitchensky<\/strong><\/td><td width=\"128\">\u00a0$\u00a0\u00a0\u00a0\u00a0\u00a0\u00a0\u00a0\u00a0\u00a0\u00a0\u00a0\u00a0\u00a0\u00a0 200.000,00<\/td><\/tr><tr><td width=\"354\"><strong>Yacoub<\/strong><\/td><td width=\"128\">\u00a0$\u00a0\u00a0\u00a0\u00a0\u00a0\u00a0\u00a0\u00a0 12.000.000,00<\/td><\/tr><tr><td width=\"354\">\u00a0<\/td><td width=\"128\">\u00a0<\/td><\/tr><tr><td width=\"354\">\u00a0<\/td><td width=\"128\">\u00a0<\/td><\/tr><\/tbody><\/table>\t\t\t\t\t\t\t\t<\/div>\n\t\t\t\t<\/div>\n\t\t            <\/div>\n        <\/div>\n                    <\/div>\n        <\/section>\n        \t\t<\/div>\n\t\t","protected":false},"excerpt":{"rendered":"<p>La Cena por el Aniversario de nuestra querida Ciudad de La Plata entreg\u00f3 m\u00e1s solidaridad que nunca. El lunes 18 de noviembre se llev\u00f3 a cabo la cena anual de la Fundaci\u00f3n Florencio P\u00e9rez, el cl\u00e1sico evento solidario para festejar el aniversario de la ciudad de La Plata. Estamos felices porque todo fue un \u00e9xito! [&hellip;]<\/p>\n","protected":false},"author":3,"featured_media":6230,"comment_status":"closed","ping_status":"closed","sticky":false,"template":"","format":"standard","meta":{"footnotes":""},"categories":[55],"tags":[],"class_list":["post-6221","post","type-post","status-publish","format-standard","has-post-thumbnail","hentry","category-55"],"_links":{"self":[{"href":"https:\/\/florencioperez.org\/index.php\/wp-json\/wp\/v2\/posts\/6221","targetHints":{"allow":["GET"]}}],"collection":[{"href":"https:\/\/florencioperez.org\/index.php\/wp-json\/wp\/v2\/posts"}],"about":[{"href":"https:\/\/florencioperez.org\/index.php\/wp-json\/wp\/v2\/types\/post"}],"author":[{"embeddable":true,"href":"https:\/\/florencioperez.org\/index.php\/wp-json\/wp\/v2\/users\/3"}],"replies":[{"embeddable":true,"href":"https:\/\/florencioperez.org\/index.php\/wp-json\/wp\/v2\/comments?post=6221"}],"version-history":[{"count":16,"href":"https:\/\/florencioperez.org\/index.php\/wp-json\/wp\/v2\/posts\/6221\/revisions"}],"predecessor-version":[{"id":6398,"href":"https:\/\/florencioperez.org\/index.php\/wp-json\/wp\/v2\/posts\/6221\/revisions\/6398"}],"wp:featuredmedia":[{"embeddable":true,"href":"https:\/\/florencioperez.org\/index.php\/wp-json\/wp\/v2\/media\/6230"}],"wp:attachment":[{"href":"https:\/\/florencioperez.org\/index.php\/wp-json\/wp\/v2\/media?parent=6221"}],"wp:term":[{"taxonomy":"category","embeddable":true,"href":"https:\/\/florencioperez.org\/index.php\/wp-json\/wp\/v2\/categories?post=6221"},{"taxonomy":"post_tag","embeddable":true,"href":"https:\/\/florencioperez.org\/index.php\/wp-json\/wp\/v2\/tags?post=6221"}],"curies":[{"name":"wp","href":"https:\/\/api.w.org\/{rel}","templated":true}]}}