{"id":5568,"date":"2021-09-03T12:22:15","date_gmt":"2021-09-03T15:22:15","guid":{"rendered":"http:\/\/sd-1584966-h00091.ferozo.net\/?p=5568"},"modified":"2024-02-29T13:46:10","modified_gmt":"2024-02-29T16:46:10","slug":"joranda-prevencion-consumos-problematicos","status":"publish","type":"post","link":"https:\/\/florencioperez.org\/index.php\/2021\/09\/03\/joranda-prevencion-consumos-problematicos\/","title":{"rendered":"JORNADAS DE PREVENCI\u00d3N DE CONSUMOS PROBLEM\u00c1TICOS EN LOS DISTINTOS\u00a0 \u00c1MBITOS DE LA SOCIEDAD"},"content":{"rendered":"\t\t<div data-elementor-type=\"wp-post\" data-elementor-id=\"5568\" class=\"elementor elementor-5568\">\n\t\t\t\t        <section class=\"elementor-section elementor-top-section elementor-element elementor-element-5d5dfdb6 elementor-section-boxed elementor-section-height-default elementor-section-height-default ct-header-fixed-none ct-row-max-none\" data-id=\"5d5dfdb6\" data-element_type=\"section\">\n            \n                        <div class=\"elementor-container elementor-column-gap-default \">\n                    <div class=\"elementor-column elementor-col-100 elementor-top-column elementor-element elementor-element-7e7a579\" data-id=\"7e7a579\" data-element_type=\"column\">\n        <div class=\"elementor-widget-wrap elementor-element-populated\">\n                    \n        \t\t<div class=\"elementor-element elementor-element-625149a9 elementor-widget elementor-widget-text-editor\" data-id=\"625149a9\" data-element_type=\"widget\" data-widget_type=\"text-editor.default\">\n\t\t\t\t<div class=\"elementor-widget-container\">\n\t\t\t\t\t\t\t\t\t<div class=\"title\">\n<p><strong>JORNADAS DE PREVENCI\u00d3N DE CONSUMOS PROBLEM\u00c1TICOS EN LOS DISTINTOS\u00a0 \u00c1MBITOS DE LA SOCIEDAD<\/strong><\/p>\n<p>\u00a0<\/p>\n<\/div>\n<div>\n<div class=\"\" dir=\"auto\">\n<div id=\"jsc_c_2c\" class=\"ecm0bbzt hv4rvrfc ihqw7lf3 dati1w0a\" data-ad-comet-preview=\"message\" data-ad-preview=\"message\">\n<div class=\"j83agx80 cbu4d94t ew0dbk1b irj2b8pg\">\n<div class=\"qzhwtbm6 knvmm38d\">\n<div class=\"kvgmc6g5 cxmmr5t8 oygrvhab hcukyx3x c1et5uql ii04i59q\">\n<div dir=\"auto\">El jueves 2 de septiembre, se empez\u00f3 a llevar a cabo el ciclo de charlas que organizamos sobre <strong>Prevencion de Consumos problematicos en la comunidad<\/strong>.<\/div>\n<div dir=\"auto\">\u00a0<\/div>\n<div dir=\"auto\">Contamos con la amena chsrla del prestigioso especialista en la materia Ignacio O&#8217;Donnell. La cordinaci\u00f3n estuvo a cargo de la Lic Alicia Gigena Parker.<\/div>\n<\/div>\n<div dir=\"auto\">\u00a0<\/div>\n<div dir=\"auto\">Agradecemos a la gran cantidad de participantes de una tem\u00e1tica que toca de cerca a toda la comunidad.<\/div>\n<\/div>\n<div dir=\"auto\">\u00a0<\/div>\n<div dir=\"auto\">Los esperamos en los pr\u00f3ximos encuentros donde seguiremos tratando este tema:<\/div>\n<\/div>\n<\/div>\n<div dir=\"auto\">\n<div class=\"kvgmc6g5 cxmmr5t8 oygrvhab hcukyx3x c1et5uql ii04i59q\">\n<div dir=\"auto\"><strong>JORNADAS de PREVENCI\u00d3N de CONSUMOS PROBLEM\u00c1TICOS en los distintos \u00c1MBITOS de la sociedad: comunidad, familia, educaci\u00f3n, recreaci\u00f3n y medios y redes de comunicaci\u00f3n.<\/strong><\/div>\n<div dir=\"auto\">\u00a0<\/div>\n<\/div>\n<div class=\"o9v6fnle cxmmr5t8 oygrvhab hcukyx3x c1et5uql ii04i59q\">\n<div dir=\"auto\"><span class=\"pq6dq46d tbxw36s4 knj5qynh kvgmc6g5 ditlmg2l oygrvhab nvdbi5me sf5mxxl7 gl3lb2sf hhz5lgdu\"><img decoding=\"async\" src=\"https:\/\/www.facebook.com\/images\/emoji.php\/v9\/t34\/1\/16\/23f0.png\" alt=\"\u23f0\" width=\"16\" height=\"16\" \/><\/span>DURACI\u00d3N: 5 jornadas durante el mes de septiembre, v\u00eda ZOOM y totalmente GRATUITO.<\/div>\n<\/div>\n<div class=\"o9v6fnle cxmmr5t8 oygrvhab hcukyx3x c1et5uql ii04i59q\">\n<div dir=\"auto\"><span class=\"pq6dq46d tbxw36s4 knj5qynh kvgmc6g5 ditlmg2l oygrvhab nvdbi5me sf5mxxl7 gl3lb2sf hhz5lgdu\"><img decoding=\"async\" src=\"https:\/\/www.facebook.com\/images\/emoji.php\/v9\/ta\/1\/16\/1f464.png\" alt=\"\ud83d\udc64\" width=\"16\" height=\"16\" \/><\/span>DIRIGIDO A: referentes comunitarios e interesados en general.<\/div>\n<\/div>\n<div class=\"o9v6fnle cxmmr5t8 oygrvhab hcukyx3x c1et5uql ii04i59q\">\n<div dir=\"auto\"><span class=\"pq6dq46d tbxw36s4 knj5qynh kvgmc6g5 ditlmg2l oygrvhab nvdbi5me sf5mxxl7 gl3lb2sf hhz5lgdu\"><img decoding=\"async\" src=\"https:\/\/www.facebook.com\/images\/emoji.php\/v9\/t5c\/1\/16\/1f5d3.png\" alt=\"\ud83d\uddd3\" width=\"16\" height=\"16\" \/><\/span>D\u00cdAS Y HORARIOS: Jueves 2\/9\/16\/23\/30 de septiembre de 18 a 20 hs.<\/div>\n<\/div>\n<div class=\"o9v6fnle cxmmr5t8 oygrvhab hcukyx3x c1et5uql ii04i59q\">\n<div dir=\"auto\"><span class=\"pq6dq46d tbxw36s4 knj5qynh kvgmc6g5 ditlmg2l oygrvhab nvdbi5me sf5mxxl7 gl3lb2sf hhz5lgdu\"><img loading=\"lazy\" decoding=\"async\" src=\"https:\/\/www.facebook.com\/images\/emoji.php\/v9\/t37\/1\/16\/2709.png\" alt=\"\u2709\ufe0f\" width=\"16\" height=\"16\" \/><\/span>INSCRIPCI\u00d3N: v\u00eda mail <a href=\"mailto:info@florencioperez.org\">info@florencioperez.org<\/a> enviando nombre, apellido y ocupaci\u00f3n. Se les enviar\u00e1 por el mismo medio el ID del Zoom con la clave para participar.<\/div>\n<\/div>\n<\/div>\n<\/div>\n<\/div>\n\t\t\t\t\t\t\t\t<\/div>\n\t\t\t\t<\/div>\n\t\t            <\/div>\n        <\/div>\n                    <\/div>\n        <\/section>\n                <section class=\"elementor-section elementor-top-section elementor-element elementor-element-64a648f elementor-section-boxed elementor-section-height-default elementor-section-height-default ct-header-fixed-none ct-row-max-none\" data-id=\"64a648f\" data-element_type=\"section\">\n            \n                        <div class=\"elementor-container elementor-column-gap-default \">\n                    <div class=\"elementor-column elementor-col-100 elementor-top-column elementor-element elementor-element-af2de85\" data-id=\"af2de85\" data-element_type=\"column\">\n        <div class=\"elementor-widget-wrap elementor-element-populated\">\n                    \n        \t\t<div class=\"elementor-element elementor-element-c85ae24 elementor-widget elementor-widget-image-gallery\" data-id=\"c85ae24\" data-element_type=\"widget\" data-widget_type=\"image-gallery.default\">\n\t\t\t\t<div class=\"elementor-widget-container\">\n\t\t\t\t\t\t\t<div class=\"elementor-image-gallery\">\n\t\t\t\n<a data-elementor-open-lightbox=\"yes\" data-elementor-lightbox-slideshow=\"c85ae24\" data-elementor-lightbox-title=\"241039215_4248609341885527_4622258514116092858_n\" data-e-action-hash=\"#elementor-action%3Aaction%3Dlightbox%26settings%3DeyJpZCI6NTU2OSwidXJsIjoiaHR0cHM6XC9cL2Zsb3JlbmNpb3BlcmV6Lm9yZ1wvd3AtY29udGVudFwvdXBsb2Fkc1wvMjAyMVwvMDlcLzI0MTAzOTIxNV80MjQ4NjA5MzQxODg1NTI3XzQ2MjIyNTg1MTQxMTYwOTI4NThfbi5qcGciLCJzbGlkZXNob3ciOiJjODVhZTI0In0%3D\" href='https:\/\/florencioperez.org\/wp-content\/uploads\/2021\/09\/241039215_4248609341885527_4622258514116092858_n.jpg'><img loading=\"lazy\" decoding=\"async\" width=\"960\" height=\"539\" src=\"https:\/\/florencioperez.org\/wp-content\/uploads\/2021\/09\/241039215_4248609341885527_4622258514116092858_n.jpg\" class=\"attachment-full size-full\" alt=\"\" srcset=\"https:\/\/florencioperez.org\/wp-content\/uploads\/2021\/09\/241039215_4248609341885527_4622258514116092858_n.jpg 960w, https:\/\/florencioperez.org\/wp-content\/uploads\/2021\/09\/241039215_4248609341885527_4622258514116092858_n-300x168.jpg 300w, https:\/\/florencioperez.org\/wp-content\/uploads\/2021\/09\/241039215_4248609341885527_4622258514116092858_n-768x431.jpg 768w, https:\/\/florencioperez.org\/wp-content\/uploads\/2021\/09\/241039215_4248609341885527_4622258514116092858_n-600x337.jpg 600w\" sizes=\"(max-width: 960px) 100vw, 960px\" \/><\/a>\n<a data-elementor-open-lightbox=\"yes\" data-elementor-lightbox-slideshow=\"c85ae24\" data-elementor-lightbox-title=\"241108771_4248609228552205_6422785040991928941_n\" data-e-action-hash=\"#elementor-action%3Aaction%3Dlightbox%26settings%3DeyJpZCI6NTU3MCwidXJsIjoiaHR0cHM6XC9cL2Zsb3JlbmNpb3BlcmV6Lm9yZ1wvd3AtY29udGVudFwvdXBsb2Fkc1wvMjAyMVwvMDlcLzI0MTEwODc3MV80MjQ4NjA5MjI4NTUyMjA1XzY0MjI3ODUwNDA5OTE5Mjg5NDFfbi5qcGciLCJzbGlkZXNob3ciOiJjODVhZTI0In0%3D\" href='https:\/\/florencioperez.org\/wp-content\/uploads\/2021\/09\/241108771_4248609228552205_6422785040991928941_n.jpg'><img loading=\"lazy\" decoding=\"async\" width=\"960\" height=\"960\" src=\"https:\/\/florencioperez.org\/wp-content\/uploads\/2021\/09\/241108771_4248609228552205_6422785040991928941_n.jpg\" class=\"attachment-full size-full\" alt=\"\" srcset=\"https:\/\/florencioperez.org\/wp-content\/uploads\/2021\/09\/241108771_4248609228552205_6422785040991928941_n.jpg 960w, https:\/\/florencioperez.org\/wp-content\/uploads\/2021\/09\/241108771_4248609228552205_6422785040991928941_n-300x300.jpg 300w, https:\/\/florencioperez.org\/wp-content\/uploads\/2021\/09\/241108771_4248609228552205_6422785040991928941_n-150x150.jpg 150w, https:\/\/florencioperez.org\/wp-content\/uploads\/2021\/09\/241108771_4248609228552205_6422785040991928941_n-768x768.jpg 768w, https:\/\/florencioperez.org\/wp-content\/uploads\/2021\/09\/241108771_4248609228552205_6422785040991928941_n-600x600.jpg 600w\" sizes=\"(max-width: 960px) 100vw, 960px\" \/><\/a>\n\t\t<\/div>\n\t\t\t\t\t\t<\/div>\n\t\t\t\t<\/div>\n\t\t            <\/div>\n        <\/div>\n                    <\/div>\n        <\/section>\n        \t\t<\/div>\n\t\t","protected":false},"excerpt":{"rendered":"<p>JORNADAS DE PREVENCI\u00d3N DE CONSUMOS PROBLEM\u00c1TICOS EN LOS DISTINTOS\u00a0 \u00c1MBITOS DE LA SOCIEDAD \u00a0 El jueves 2 de septiembre, se empez\u00f3 a llevar a cabo el ciclo de charlas que organizamos sobre Prevencion de Consumos problematicos en la comunidad. \u00a0 Contamos con la amena chsrla del prestigioso especialista en la materia Ignacio O&#8217;Donnell. La cordinaci\u00f3n [&hellip;]<\/p>\n","protected":false},"author":1,"featured_media":5574,"comment_status":"open","ping_status":"closed","sticky":false,"template":"","format":"standard","meta":{"footnotes":""},"categories":[49],"tags":[],"class_list":["post-5568","post","type-post","status-publish","format-standard","has-post-thumbnail","hentry","category-49"],"_links":{"self":[{"href":"https:\/\/florencioperez.org\/index.php\/wp-json\/wp\/v2\/posts\/5568","targetHints":{"allow":["GET"]}}],"collection":[{"href":"https:\/\/florencioperez.org\/index.php\/wp-json\/wp\/v2\/posts"}],"about":[{"href":"https:\/\/florencioperez.org\/index.php\/wp-json\/wp\/v2\/types\/post"}],"author":[{"embeddable":true,"href":"https:\/\/florencioperez.org\/index.php\/wp-json\/wp\/v2\/users\/1"}],"replies":[{"embeddable":true,"href":"https:\/\/florencioperez.org\/index.php\/wp-json\/wp\/v2\/comments?post=5568"}],"version-history":[{"count":3,"href":"https:\/\/florencioperez.org\/index.php\/wp-json\/wp\/v2\/posts\/5568\/revisions"}],"predecessor-version":[{"id":5946,"href":"https:\/\/florencioperez.org\/index.php\/wp-json\/wp\/v2\/posts\/5568\/revisions\/5946"}],"wp:featuredmedia":[{"embeddable":true,"href":"https:\/\/florencioperez.org\/index.php\/wp-json\/wp\/v2\/media\/5574"}],"wp:attachment":[{"href":"https:\/\/florencioperez.org\/index.php\/wp-json\/wp\/v2\/media?parent=5568"}],"wp:term":[{"taxonomy":"category","embeddable":true,"href":"https:\/\/florencioperez.org\/index.php\/wp-json\/wp\/v2\/categories?post=5568"},{"taxonomy":"post_tag","embeddable":true,"href":"https:\/\/florencioperez.org\/index.php\/wp-json\/wp\/v2\/tags?post=5568"}],"curies":[{"name":"wp","href":"https:\/\/api.w.org\/{rel}","templated":true}]}}