{"id":5548,"date":"2021-05-20T12:17:12","date_gmt":"2021-05-20T15:17:12","guid":{"rendered":"http:\/\/sd-1584966-h00091.ferozo.net\/?p=5548"},"modified":"2021-05-20T12:17:12","modified_gmt":"2021-05-20T15:17:12","slug":"nuevo-predio-para-el-club-tricolores-de-villa-elvira","status":"publish","type":"post","link":"https:\/\/florencioperez.org\/index.php\/2021\/05\/20\/nuevo-predio-para-el-club-tricolores-de-villa-elvira\/","title":{"rendered":"Nuevo predio para el club Tricolores de Villa Elvira"},"content":{"rendered":"\t\t<div data-elementor-type=\"wp-post\" data-elementor-id=\"5548\" class=\"elementor elementor-5548\">\n\t\t\t\t        <section class=\"elementor-section elementor-top-section elementor-element elementor-element-5d5dfdb6 elementor-section-boxed elementor-section-height-default elementor-section-height-default ct-header-fixed-none ct-row-max-none\" data-id=\"5d5dfdb6\" data-element_type=\"section\">\n            \n                        <div class=\"elementor-container elementor-column-gap-default \">\n                    <div class=\"elementor-column elementor-col-100 elementor-top-column elementor-element elementor-element-7e7a579\" data-id=\"7e7a579\" data-element_type=\"column\">\n        <div class=\"elementor-widget-wrap elementor-element-populated\">\n                    \n        \t\t<div class=\"elementor-element elementor-element-625149a9 elementor-widget elementor-widget-text-editor\" data-id=\"625149a9\" data-element_type=\"widget\" data-widget_type=\"text-editor.default\">\n\t\t\t\t<div class=\"elementor-widget-container\">\n\t\t\t\t\t\t\t\t\t<div class=\"title\">\n<p><strong>NUEVO PREDIO PARA EL CLUB TRICOLORES DE VILLA ELVIRA<\/strong><\/p>\n<\/div>\n<div>\n<p>Se realiz\u00f3 la entrega por parte de la Fundaci\u00f3n Florencio P\u00e9rez, a trav\u00e9s de su vice presidente Juan Carlos Anacleto y su secretario, Marcos Sor\u00e1, de un predio para la pr\u00e1ctica deportiva al presidente del Club Tricolores de Villa Elvira, Pablo Ricciardi y otras autoridades de la comisi\u00f3n directiva de este prestigioso club de f\u00fatbol amateur.\u00a0<\/p>\n<p>El Club imperiosamente necesitaba un predio adicional a la sede con la que hoy cuentan ubicada en 94 y 4 de Villa Elvira. En ese predio, deb\u00edan turnarse diferentes divisiones tanto para entrenamientos como para los partidos oficiales. Ahora, con las tierras a las que tendr\u00e1n acceso en 115 y 648, que deber\u00e1n reacondicionar para la pr\u00e1ctica deportiva, podr\u00e1n no s\u00f3lo incrementar las divisiones de f\u00fatbol infantil sino darle lugar al f\u00fatbol femenino, al hockey y a otros deportes que conviertan al Club en referente de la zona de todos los deportes para las familias de la zona sur del gran La Plata.<\/p>\n<\/div>\n\t\t\t\t\t\t\t\t<\/div>\n\t\t\t\t<\/div>\n\t\t            <\/div>\n        <\/div>\n                    <\/div>\n        <\/section>\n                <section class=\"elementor-section elementor-top-section elementor-element elementor-element-64a648f elementor-section-boxed elementor-section-height-default elementor-section-height-default ct-header-fixed-none ct-row-max-none\" data-id=\"64a648f\" data-element_type=\"section\">\n            \n                        <div class=\"elementor-container elementor-column-gap-default \">\n                    <div class=\"elementor-column elementor-col-100 elementor-top-column elementor-element elementor-element-af2de85\" data-id=\"af2de85\" data-element_type=\"column\">\n        <div class=\"elementor-widget-wrap elementor-element-populated\">\n                    \n        \t\t<div class=\"elementor-element elementor-element-c85ae24 elementor-widget elementor-widget-image-gallery\" data-id=\"c85ae24\" data-element_type=\"widget\" data-widget_type=\"image-gallery.default\">\n\t\t\t\t<div class=\"elementor-widget-container\">\n\t\t\t\t\t\t\t<div class=\"elementor-image-gallery\">\n\t\t\t<div id='gallery-1' class='gallery galleryid-5548 gallery-columns-2 gallery-size-full'><figure class='gallery-item'>\n\t\t\t<div class='gallery-icon landscape'>\n\t\t\t\t<a data-elementor-open-lightbox=\"yes\" data-elementor-lightbox-slideshow=\"c85ae24\" data-elementor-lightbox-title=\"foto-tricolores\" data-e-action-hash=\"#elementor-action%3Aaction%3Dlightbox%26settings%3DeyJpZCI6NTU1NSwidXJsIjoiaHR0cHM6XC9cL2Zsb3JlbmNpb3BlcmV6Lm9yZ1wvd3AtY29udGVudFwvdXBsb2Fkc1wvMjAyMVwvMDVcL2ZvdG8tdHJpY29sb3Jlcy5qcGciLCJzbGlkZXNob3ciOiJjODVhZTI0In0%3D\" href='https:\/\/florencioperez.org\/wp-content\/uploads\/2021\/05\/foto-tricolores.jpg'><img fetchpriority=\"high\" decoding=\"async\" width=\"1155\" height=\"1155\" src=\"https:\/\/florencioperez.org\/wp-content\/uploads\/2021\/05\/foto-tricolores.jpg\" class=\"attachment-full size-full\" alt=\"Club Tricolores Fundacion Florencio Perez\" srcset=\"https:\/\/florencioperez.org\/wp-content\/uploads\/2021\/05\/foto-tricolores.jpg 1155w, https:\/\/florencioperez.org\/wp-content\/uploads\/2021\/05\/foto-tricolores-300x300.jpg 300w, https:\/\/florencioperez.org\/wp-content\/uploads\/2021\/05\/foto-tricolores-1024x1024.jpg 1024w, https:\/\/florencioperez.org\/wp-content\/uploads\/2021\/05\/foto-tricolores-150x150.jpg 150w, https:\/\/florencioperez.org\/wp-content\/uploads\/2021\/05\/foto-tricolores-768x768.jpg 768w, https:\/\/florencioperez.org\/wp-content\/uploads\/2021\/05\/foto-tricolores-600x600.jpg 600w\" sizes=\"(max-width: 1155px) 100vw, 1155px\" \/><\/a>\n\t\t\t<\/div><\/figure><figure class='gallery-item'>\n\t\t\t<div class='gallery-icon landscape'>\n\t\t\t\t<a data-elementor-open-lightbox=\"yes\" data-elementor-lightbox-slideshow=\"c85ae24\" data-elementor-lightbox-title=\"foto-tricolores-2\" data-e-action-hash=\"#elementor-action%3Aaction%3Dlightbox%26settings%3DeyJpZCI6NTU1NywidXJsIjoiaHR0cHM6XC9cL2Zsb3JlbmNpb3BlcmV6Lm9yZ1wvd3AtY29udGVudFwvdXBsb2Fkc1wvMjAyMVwvMDVcL2ZvdG8tdHJpY29sb3Jlcy0yLmpwZyIsInNsaWRlc2hvdyI6ImM4NWFlMjQifQ%3D%3D\" href='https:\/\/florencioperez.org\/wp-content\/uploads\/2021\/05\/foto-tricolores-2.jpg'><img decoding=\"async\" width=\"1090\" height=\"1090\" src=\"https:\/\/florencioperez.org\/wp-content\/uploads\/2021\/05\/foto-tricolores-2.jpg\" class=\"attachment-full size-full\" alt=\"Club Tricolores Fundacion Florencio Perez\" srcset=\"https:\/\/florencioperez.org\/wp-content\/uploads\/2021\/05\/foto-tricolores-2.jpg 1090w, https:\/\/florencioperez.org\/wp-content\/uploads\/2021\/05\/foto-tricolores-2-300x300.jpg 300w, https:\/\/florencioperez.org\/wp-content\/uploads\/2021\/05\/foto-tricolores-2-1024x1024.jpg 1024w, https:\/\/florencioperez.org\/wp-content\/uploads\/2021\/05\/foto-tricolores-2-150x150.jpg 150w, https:\/\/florencioperez.org\/wp-content\/uploads\/2021\/05\/foto-tricolores-2-768x768.jpg 768w, https:\/\/florencioperez.org\/wp-content\/uploads\/2021\/05\/foto-tricolores-2-600x600.jpg 600w\" sizes=\"(max-width: 1090px) 100vw, 1090px\" \/><\/a>\n\t\t\t<\/div><\/figure>\n\t\t<\/div>\n\t\t<\/div>\n\t\t\t\t\t\t<\/div>\n\t\t\t\t<\/div>\n\t\t            <\/div>\n        <\/div>\n                    <\/div>\n        <\/section>\n        \t\t<\/div>\n\t\t","protected":false},"excerpt":{"rendered":"<p>NUEVO PREDIO PARA EL CLUB TRICOLORES DE VILLA ELVIRA Se realiz\u00f3 la entrega por parte de la Fundaci\u00f3n Florencio P\u00e9rez, a trav\u00e9s de su vice presidente Juan Carlos Anacleto y su secretario, Marcos Sor\u00e1, de un predio para la pr\u00e1ctica deportiva al presidente del Club Tricolores de Villa Elvira, Pablo Ricciardi y otras autoridades de [&hellip;]<\/p>\n","protected":false},"author":1,"featured_media":5556,"comment_status":"open","ping_status":"closed","sticky":false,"template":"","format":"standard","meta":{"footnotes":""},"categories":[49],"tags":[],"class_list":["post-5548","post","type-post","status-publish","format-standard","has-post-thumbnail","hentry","category-49"],"_links":{"self":[{"href":"https:\/\/florencioperez.org\/index.php\/wp-json\/wp\/v2\/posts\/5548","targetHints":{"allow":["GET"]}}],"collection":[{"href":"https:\/\/florencioperez.org\/index.php\/wp-json\/wp\/v2\/posts"}],"about":[{"href":"https:\/\/florencioperez.org\/index.php\/wp-json\/wp\/v2\/types\/post"}],"author":[{"embeddable":true,"href":"https:\/\/florencioperez.org\/index.php\/wp-json\/wp\/v2\/users\/1"}],"replies":[{"embeddable":true,"href":"https:\/\/florencioperez.org\/index.php\/wp-json\/wp\/v2\/comments?post=5548"}],"version-history":[{"count":0,"href":"https:\/\/florencioperez.org\/index.php\/wp-json\/wp\/v2\/posts\/5548\/revisions"}],"wp:featuredmedia":[{"embeddable":true,"href":"https:\/\/florencioperez.org\/index.php\/wp-json\/wp\/v2\/media\/5556"}],"wp:attachment":[{"href":"https:\/\/florencioperez.org\/index.php\/wp-json\/wp\/v2\/media?parent=5548"}],"wp:term":[{"taxonomy":"category","embeddable":true,"href":"https:\/\/florencioperez.org\/index.php\/wp-json\/wp\/v2\/categories?post=5548"},{"taxonomy":"post_tag","embeddable":true,"href":"https:\/\/florencioperez.org\/index.php\/wp-json\/wp\/v2\/tags?post=5548"}],"curies":[{"name":"wp","href":"https:\/\/api.w.org\/{rel}","templated":true}]}}