{"id":5527,"date":"2019-12-20T13:43:08","date_gmt":"2019-12-20T16:43:08","guid":{"rendered":"http:\/\/sd-1584966-h00091.ferozo.net\/?p=5527"},"modified":"2019-12-20T13:43:08","modified_gmt":"2019-12-20T16:43:08","slug":"resumen-donacion-al-hospital-san-juan-de-dios-2018","status":"publish","type":"post","link":"https:\/\/florencioperez.org\/index.php\/2019\/12\/20\/resumen-donacion-al-hospital-san-juan-de-dios-2018\/","title":{"rendered":"Resumen donaci\u00f3n al Hospital San Juan de Dios 2018"},"content":{"rendered":"\t\t<div data-elementor-type=\"wp-post\" data-elementor-id=\"5527\" class=\"elementor elementor-5527\">\n\t\t\t\t        <section class=\"elementor-section elementor-top-section elementor-element elementor-element-f59bb6b elementor-section-boxed elementor-section-height-default elementor-section-height-default ct-header-fixed-none ct-row-max-none\" data-id=\"f59bb6b\" data-element_type=\"section\">\n            \n                        <div class=\"elementor-container elementor-column-gap-default \">\n                    <div class=\"elementor-column elementor-col-100 elementor-top-column elementor-element elementor-element-ac49d55\" data-id=\"ac49d55\" data-element_type=\"column\">\n        <div class=\"elementor-widget-wrap elementor-element-populated\">\n                    \n        \t\t<div class=\"elementor-element elementor-element-29e4f4e elementor-widget elementor-widget-ct_text_editor\" data-id=\"29e4f4e\" data-element_type=\"widget\" data-widget_type=\"ct_text_editor.default\">\n\t\t\t\t<div class=\"elementor-widget-container\">\n\t\t\t\t\t<div id=\"ct_text_editor-29e4f4e\" class=\"ct-text-editor \" data-wow-delay=\"ms\">\n\t<div class=\"ct-item--inner\">\n\t\t<div class=\"ct-inline-css\"  data-css=\"\n\t        \t\t\t\">\n\n\t    <\/div>\n\t\t<div class=\"ct-text-editor elementor-clearfix\">\n\t\t\t<h5>Compartimos los donantes que dieron su aporte solidario al Hospital San Juan de Dios durante 2018<\/h5><p class=\"Normal tm5\"><em><span class=\"tm7\">La Fundaci\u00f3n Florencio P\u00e9rez, le agradece haber posibilitado con su donaci\u00f3n en la cena 2018, la compra de equipamiento por \u00a0$ 3.361.110.- para el Hospital San Juan de Dios de La Plata.<\/span><\/em><\/p><p><strong>Informes<\/strong>: info@florencioperez.org<\/p>\t\t\n\t\t<\/div>\n\t<\/div>\n<\/div>\t\t\t\t<\/div>\n\t\t\t\t<\/div>\n\t\t            <\/div>\n        <\/div>\n                    <\/div>\n        <\/section>\n                <section class=\"elementor-section elementor-top-section elementor-element elementor-element-7c7517a elementor-section-boxed elementor-section-height-default elementor-section-height-default ct-header-fixed-none ct-row-max-none\" data-id=\"7c7517a\" data-element_type=\"section\">\n            \n                        <div class=\"elementor-container elementor-column-gap-default \">\n                    <div class=\"elementor-column elementor-col-100 elementor-top-column elementor-element elementor-element-55983b1\" data-id=\"55983b1\" data-element_type=\"column\">\n        <div class=\"elementor-widget-wrap elementor-element-populated\">\n                    \n        \t\t<div class=\"elementor-element elementor-element-221943b elementor-widget elementor-widget-image\" data-id=\"221943b\" data-element_type=\"widget\" data-widget_type=\"image.default\">\n\t\t\t\t<div class=\"elementor-widget-container\">\n\t\t\t\t\t\t\t\t\t\t\t\t\t\t\t<img fetchpriority=\"high\" decoding=\"async\" width=\"548\" height=\"1712\" src=\"https:\/\/florencioperez.org\/wp-content\/uploads\/2019\/12\/donacion-2018-san-juan-dios.png\" class=\"attachment-full size-full wp-image-5529\" alt=\"Donacion 2018 San Juan de Dios\" srcset=\"https:\/\/florencioperez.org\/wp-content\/uploads\/2019\/12\/donacion-2018-san-juan-dios.png 548w, https:\/\/florencioperez.org\/wp-content\/uploads\/2019\/12\/donacion-2018-san-juan-dios-96x300.png 96w, https:\/\/florencioperez.org\/wp-content\/uploads\/2019\/12\/donacion-2018-san-juan-dios-328x1024.png 328w, https:\/\/florencioperez.org\/wp-content\/uploads\/2019\/12\/donacion-2018-san-juan-dios-492x1536.png 492w\" sizes=\"(max-width: 548px) 100vw, 548px\" \/>\t\t\t\t\t\t\t\t\t\t\t\t\t\t\t<\/div>\n\t\t\t\t<\/div>\n\t\t            <\/div>\n        <\/div>\n                    <\/div>\n        <\/section>\n        \t\t<\/div>\n\t\t","protected":false},"excerpt":{"rendered":"<p>Compartimos los donantes que dieron su aporte solidario al Hospital San Juan de Dios durante 2018 La Fundaci\u00f3n Florencio P\u00e9rez, le agradece haber posibilitado con su donaci\u00f3n en la cena 2018, la compra de equipamiento por &nbsp;$ 3.361.110.- para el Hospital San Juan de Dios de La Plata. Informes: info@florencioperez.org<\/p>\n","protected":false},"author":1,"featured_media":5535,"comment_status":"closed","ping_status":"open","sticky":false,"template":"","format":"standard","meta":{"footnotes":""},"categories":[50],"tags":[],"class_list":["post-5527","post","type-post","status-publish","format-standard","has-post-thumbnail","hentry","category-50"],"_links":{"self":[{"href":"https:\/\/florencioperez.org\/index.php\/wp-json\/wp\/v2\/posts\/5527","targetHints":{"allow":["GET"]}}],"collection":[{"href":"https:\/\/florencioperez.org\/index.php\/wp-json\/wp\/v2\/posts"}],"about":[{"href":"https:\/\/florencioperez.org\/index.php\/wp-json\/wp\/v2\/types\/post"}],"author":[{"embeddable":true,"href":"https:\/\/florencioperez.org\/index.php\/wp-json\/wp\/v2\/users\/1"}],"replies":[{"embeddable":true,"href":"https:\/\/florencioperez.org\/index.php\/wp-json\/wp\/v2\/comments?post=5527"}],"version-history":[{"count":0,"href":"https:\/\/florencioperez.org\/index.php\/wp-json\/wp\/v2\/posts\/5527\/revisions"}],"wp:featuredmedia":[{"embeddable":true,"href":"https:\/\/florencioperez.org\/index.php\/wp-json\/wp\/v2\/media\/5535"}],"wp:attachment":[{"href":"https:\/\/florencioperez.org\/index.php\/wp-json\/wp\/v2\/media?parent=5527"}],"wp:term":[{"taxonomy":"category","embeddable":true,"href":"https:\/\/florencioperez.org\/index.php\/wp-json\/wp\/v2\/categories?post=5527"},{"taxonomy":"post_tag","embeddable":true,"href":"https:\/\/florencioperez.org\/index.php\/wp-json\/wp\/v2\/tags?post=5527"}],"curies":[{"name":"wp","href":"https:\/\/api.w.org\/{rel}","templated":true}]}}